{"id":13757,"date":"2024-07-08T19:36:36","date_gmt":"2024-07-08T17:36:36","guid":{"rendered":"http:\/\/www.schwarzwaldverein-sasbach.de\/?p=13757"},"modified":"2024-08-19T19:39:42","modified_gmt":"2024-08-19T17:39:42","slug":"bezirksumwanderung-dritter-teil","status":"publish","type":"post","link":"https:\/\/www.schwarzwaldverein-sasbach.de\/?p=13757","title":{"rendered":"Bezirksumwanderung dritter Teil"},"content":{"rendered":"\n<p>Start war an der Unterstmatt, acht Vereine vom Bezirk Hornisgrinde trafen sich zum dritten Teil der Bezirksumwanderung. Insgesamt ca. 80 Wanderer und Wanderinnen trafen sich um 10.00 Uhr um gemeinsam, allerdings auf verschiedenen Wegen, zur Kohlbergwiese zu wandern. Ein gro\u00dfer Teil wanderte \u00fcber den Hochkopf, ein Teil nahm den bequemeren Weg zur Hundseck. Dort teilte sich die Gruppe nochmals, ein Teil nahm den Weg \u00fcber den Mehliskopf vorbei am Platz, an dem im Oktober immer die Bergmesse stattfindet. Der weitere Weg f\u00fchrte wieder abw\u00e4rts auf sch\u00f6nen Wanderwegen, mit herrlichen Aussichten ins Rheintal, auch an der ehemaligen Burg B\u00e4renstein&nbsp; vorbei. Die Burg B\u00e4renstein ist ein Kleinod an dem die meisten Wanderer vorbei gehen. Sp\u00e4ter kam die Wandergruppe am eindrucksvollen Falkenfelsen vorbei. Bevor der Abstieg zur wohlverdienten,<\/p>\n\n\n\n<p>versp\u00e4teten&nbsp; Mittagspause auf der Kohlberwiese eingeschlagen wurde, geh\u00f6rte der Abstecher auf die Herta H\u00fctte noch zur Pflicht. Unsere Wandergruppe kam erst kurz nach 14 Uhr beim Gasthaus&nbsp; Kohlbergwiese an. Um 14,30 Uhr war die offizielle \u00dcbergabe des Staffelstabes von der Ortsgruppe Hornisgrinde, an den Ortsverein B\u00fchlertal. Der Ortsverein B\u00fchlertal wird im n\u00e4chsten Jahr die acht Vereine vom Bezirk von der Kohlbergwiese nach B\u00fchlertal f\u00fchren. Ein wundervoller rundum gelungener Tag bei bestem Wanderwetter ging zu Ende mit vielen Gespr\u00e4chen unter den verschiedenen Ortsvereinen vom Bezirk Hornisgrinde. Ein gro\u00dfes Dankesch\u00f6n f\u00fcr die Organisatoren.<\/p>\n\n\n\n<p style=\"text-align: right;\"><em>Albert Bohnert<\/em><\/p>\n","protected":false},"excerpt":{"rendered":"<div class=\"mh-excerpt\">Start war an der Unterstmatt, acht Vereine vom Bezirk Hornisgrinde trafen sich zum dritten Teil der Bezirksumwanderung. Insgesamt ca. 80 Wanderer und Wanderinnen trafen sich <a class=\"mh-excerpt-more\" href=\"https:\/\/www.schwarzwaldverein-sasbach.de\/?p=13757\" title=\"Bezirksumwanderung dritter Teil\">[&#8230;]<\/a><\/div>\n","protected":false},"author":5,"featured_media":13758,"comment_status":"closed","ping_status":"closed","sticky":false,"template":"","format":"standard","meta":{"footnotes":""},"categories":[235],"tags":[],"class_list":{"0":"post-13757","1":"post","2":"type-post","3":"status-publish","4":"format-standard","5":"has-post-thumbnail","7":"category-wanderberichte-2024"},"_links":{"self":[{"href":"https:\/\/www.schwarzwaldverein-sasbach.de\/index.php?rest_route=\/wp\/v2\/posts\/13757","targetHints":{"allow":["GET"]}}],"collection":[{"href":"https:\/\/www.schwarzwaldverein-sasbach.de\/index.php?rest_route=\/wp\/v2\/posts"}],"about":[{"href":"https:\/\/www.schwarzwaldverein-sasbach.de\/index.php?rest_route=\/wp\/v2\/types\/post"}],"author":[{"embeddable":true,"href":"https:\/\/www.schwarzwaldverein-sasbach.de\/index.php?rest_route=\/wp\/v2\/users\/5"}],"replies":[{"embeddable":true,"href":"https:\/\/www.schwarzwaldverein-sasbach.de\/index.php?rest_route=%2Fwp%2Fv2%2Fcomments&post=13757"}],"version-history":[{"count":0,"href":"https:\/\/www.schwarzwaldverein-sasbach.de\/index.php?rest_route=\/wp\/v2\/posts\/13757\/revisions"}],"wp:featuredmedia":[{"embeddable":true,"href":"https:\/\/www.schwarzwaldverein-sasbach.de\/index.php?rest_route=\/wp\/v2\/media\/13758"}],"wp:attachment":[{"href":"https:\/\/www.schwarzwaldverein-sasbach.de\/index.php?rest_route=%2Fwp%2Fv2%2Fmedia&parent=13757"}],"wp:term":[{"taxonomy":"category","embeddable":true,"href":"https:\/\/www.schwarzwaldverein-sasbach.de\/index.php?rest_route=%2Fwp%2Fv2%2Fcategories&post=13757"},{"taxonomy":"post_tag","embeddable":true,"href":"https:\/\/www.schwarzwaldverein-sasbach.de\/index.php?rest_route=%2Fwp%2Fv2%2Ftags&post=13757"}],"curies":[{"name":"wp","href":"https:\/\/api.w.org\/{rel}","templated":true}]}}