{"id":14143,"date":"2025-11-20T10:59:19","date_gmt":"2025-11-20T09:59:19","guid":{"rendered":"https:\/\/www.schwarzwaldverein-sasbach.de\/?p=14143"},"modified":"2025-11-24T11:01:47","modified_gmt":"2025-11-24T10:01:47","slug":"100-jahre-ehrenmal-allerheiligen-ein-ort-der-hoffnung-und-des-friedens","status":"publish","type":"post","link":"https:\/\/www.schwarzwaldverein-sasbach.de\/?p=14143","title":{"rendered":"100 Jahre Ehrenmal Allerheiligen \u2013 Ein Ort der Hoffnung und des Friedens"},"content":{"rendered":"\n<p>\u201eWir hei\u00dfen Euch hoffen\u201c \u2013 diese auf dem Ehrenmal verewigten Worte, bildeten das Motto der Gedenkfeier, die am 26. Oktober 2025 bei regnerisch tr\u00fcben Wetter stattfand.<\/p>\n\n\n\n<p>Nach einer kurzen Wanderung mit Helmut und der Er\u00f6ffnung durch einen \u00f6kumenischen Gottesdienst griff Pr\u00e4sident <strong>Meinrad Joos<\/strong> diese Worte auf und w\u00fcrdigte in seiner Ansprache die vielen G\u00e4ste, Unterst\u00fctzer und Engagierten, die das Denkmal seit Generationen pflegen. Besonders dankte er <strong>Martin Hube<\/strong>r und seinem Team, die die j\u00fcngste Restaurierung des Ehrenmals erm\u00f6glichten, sowie der <strong>Sparkassenstiftung<\/strong> und den <strong>Verantwortlichen des Nationalparks<\/strong> f\u00fcr ihre Unterst\u00fctzung.<\/p>\n\n\n\n<p>Das Ehrenmal, 1925 von Architekt Carl-Anton Meckel und Bildhauer A. Rickert errichtet, steht f\u00fcr die Sehnsucht nach Frieden in einer Zeit gro\u00dfer Not nach dem Ersten Weltkrieg. Die schlichte Architektur und die Figur des jungen Mannes mit zerbrochenem Schwert verk\u00f6rpern keine heroische Verkl\u00e4rung, sondern die Bitte um ein Ende des Krieges \u2013 eine Botschaft, die heute angesichts zahlreicher globaler Konflikte aktueller denn je erscheint.<\/p>\n\n\n\n<p>In ihren Ansprachen erinnerten die Redner daran, dass das Denkmal stets ein Ort der Besinnung, der Erinnerung und der Hoffnung geblieben ist. Es ist in der Landschaft von Klosterruine und Wasserf\u00e4llen eingebettet \u2013 ein stilles Mahnmal gegen das Vergessen. Schon vor 25 Jahren hatte der damalige Vizepr\u00e4sident Alfred Heffner betont, dass Frieden nur dort wachsen k\u00f6nne, wo Menschen einander verstehen und Grenzen \u2013 \u00e4u\u00dfere wie innere \u2013 \u00fcberwinden.<\/p>\n\n\n\n<p>Heute, hundert Jahre nach seiner Einweihung, mahnt das Ehrenmal von Allerheiligen eindringlicher denn je: Es ruft uns auf, die Hoffnung nicht zu verlieren \u2013 und Frieden weiterzutragen.&nbsp;<em>\u201eWir hei\u00dfen Euch Hoffen\u201c<\/em>&nbsp;\u2013 dieser Satz bleibt die zeitlose Botschaft eines Bauwerks, das Vergangenheit, Gegenwart und Zukunft verbindet.<\/p>\n\n\n\n<p>Musikalisch umrahmt wurde die Gedenkfeier durch die <strong>Stadtkapelle Oppenau<\/strong>.&nbsp;<\/p>\n\n\n\n<p>Im Anschluss daran fand im Restaurant Kloster Allerheiligen ein kleiner gem\u00fctlicher Abschluss statt.<\/p>\n\n\n\n<p style=\"text-align: right;\"><em>Claudia Wilhelm<\/em><\/p>\n\n\n","protected":false},"excerpt":{"rendered":"<div class=\"mh-excerpt\">\u201eWir hei\u00dfen Euch hoffen\u201c \u2013 diese auf dem Ehrenmal verewigten Worte, bildeten das Motto der Gedenkfeier, die am 26. Oktober 2025 bei regnerisch tr\u00fcben Wetter <a class=\"mh-excerpt-more\" href=\"https:\/\/www.schwarzwaldverein-sasbach.de\/?p=14143\" title=\"100 Jahre Ehrenmal Allerheiligen \u2013 Ein Ort der Hoffnung und des Friedens\">[&#8230;]<\/a><\/div>\n","protected":false},"author":5,"featured_media":14144,"comment_status":"closed","ping_status":"closed","sticky":false,"template":"","format":"standard","meta":{"footnotes":""},"categories":[77],"tags":[],"class_list":{"0":"post-14143","1":"post","2":"type-post","3":"status-publish","4":"format-standard","5":"has-post-thumbnail","7":"category-vereinsleben"},"_links":{"self":[{"href":"https:\/\/www.schwarzwaldverein-sasbach.de\/index.php?rest_route=\/wp\/v2\/posts\/14143","targetHints":{"allow":["GET"]}}],"collection":[{"href":"https:\/\/www.schwarzwaldverein-sasbach.de\/index.php?rest_route=\/wp\/v2\/posts"}],"about":[{"href":"https:\/\/www.schwarzwaldverein-sasbach.de\/index.php?rest_route=\/wp\/v2\/types\/post"}],"author":[{"embeddable":true,"href":"https:\/\/www.schwarzwaldverein-sasbach.de\/index.php?rest_route=\/wp\/v2\/users\/5"}],"replies":[{"embeddable":true,"href":"https:\/\/www.schwarzwaldverein-sasbach.de\/index.php?rest_route=%2Fwp%2Fv2%2Fcomments&post=14143"}],"version-history":[{"count":0,"href":"https:\/\/www.schwarzwaldverein-sasbach.de\/index.php?rest_route=\/wp\/v2\/posts\/14143\/revisions"}],"wp:featuredmedia":[{"embeddable":true,"href":"https:\/\/www.schwarzwaldverein-sasbach.de\/index.php?rest_route=\/wp\/v2\/media\/14144"}],"wp:attachment":[{"href":"https:\/\/www.schwarzwaldverein-sasbach.de\/index.php?rest_route=%2Fwp%2Fv2%2Fmedia&parent=14143"}],"wp:term":[{"taxonomy":"category","embeddable":true,"href":"https:\/\/www.schwarzwaldverein-sasbach.de\/index.php?rest_route=%2Fwp%2Fv2%2Fcategories&post=14143"},{"taxonomy":"post_tag","embeddable":true,"href":"https:\/\/www.schwarzwaldverein-sasbach.de\/index.php?rest_route=%2Fwp%2Fv2%2Ftags&post=14143"}],"curies":[{"name":"wp","href":"https:\/\/api.w.org\/{rel}","templated":true}]}}