{"id":14255,"date":"2026-02-23T21:52:04","date_gmt":"2026-02-23T20:52:04","guid":{"rendered":"https:\/\/www.schwarzwaldverein-sasbach.de\/?p=14255"},"modified":"2026-02-23T21:52:06","modified_gmt":"2026-02-23T20:52:06","slug":"frauenfruehstueck-im-hotel-mighty-twice","status":"publish","type":"post","link":"https:\/\/www.schwarzwaldverein-sasbach.de\/?p=14255","title":{"rendered":"Frauenfr\u00fchst\u00fcck im Hotel Mighty Twice"},"content":{"rendered":"\n<p>Valentinstag \u2013 ein Tag, der ganz im Zeichen der Wertsch\u00e4tzung und des Verw\u00f6hnens steht. F\u00fcr 23 gut gelaunte und hungrige Frauen begann dieser besondere Samstagmorgen bereits um 8 Uhr mit einem gemeinsamen Fr\u00fchst\u00fcck im stilvollen Hotel Mighty Twice in Achern.<\/p>\n\n\n\n<p>Schon beim Betreten des Hotels beeindruckte das tolle Ambiente. Die geschmackvolle Einrichtung und die angenehme Atmosph\u00e4re sorgten sofort f\u00fcr Wohlf\u00fchlstimmung. Das freundliche und zuvorkommende Personal hie\u00df die G\u00e4ste herzlich willkommen und lie\u00df keine W\u00fcnsche offen.<\/p>\n\n\n\n<p>Das reichhaltige Fr\u00fchst\u00fccksbuffet bot eine gro\u00dfe Auswahl \u2013 von frischen Backwaren \u00fcber herzhafte Spezialit\u00e4ten bis hin zu s\u00fc\u00dfen Leckereien. F\u00fcr jeden Geschmack war etwas dabei. In entspannter Runde wurden nette Gespr\u00e4che gef\u00fchrt, viel gelacht und die gemeinsame Zeit genossen.<\/p>\n\n\n\n<p>Ein besonderes Highlight war die anschlie\u00dfende Hotelf\u00fchrung, bei der die Teilnehmerinnen interessante Einblicke in das moderne und liebevoll gestaltete Hotel erhielten. Zum Abschluss durfte nat\u00fcrlich ein gemeinsames Foto in der Lobby nicht fehlen, um diesen sch\u00f6nen Vormittag festzuhalten.<\/p>\n\n\n\n<p>Gut gest\u00e4rkt und bestens gelaunt wurde danach noch eine kleine 5-Kilometer-Wanderung angeboten. Selbst der leichte Regen konnte die Frauen des Schwarzwaldvereins nicht aufhalten \u2013 im Gegenteil: Mit guter Laune und Bewegung an der frischen Luft fand der Vormittag einen gelungenen Abschluss.<\/p>\n\n\n\n<p>So wurde der Valentinstag zu einem Tag voller Gemeinschaft, Genuss und Herzlichkeit \u2013 ganz im Sinne eines Tages, an dem Frauen sich selbst feiern und verw\u00f6hnen d\u00fcrfen.<\/p>\n\n\n\n<p style=\"text-align: right;\"><em>Andrea H\u00f6fling<\/em><\/p>\n\n\n","protected":false},"excerpt":{"rendered":"<div class=\"mh-excerpt\">Valentinstag \u2013 ein Tag, der ganz im Zeichen der Wertsch\u00e4tzung und des Verw\u00f6hnens steht. F\u00fcr 23 gut gelaunte und hungrige Frauen begann dieser besondere Samstagmorgen <a class=\"mh-excerpt-more\" href=\"https:\/\/www.schwarzwaldverein-sasbach.de\/?p=14255\" title=\"Frauenfr\u00fchst\u00fcck im Hotel Mighty Twice\">[&#8230;]<\/a><\/div>\n","protected":false},"author":5,"featured_media":14256,"comment_status":"closed","ping_status":"closed","sticky":false,"template":"","format":"standard","meta":{"footnotes":""},"categories":[241],"tags":[],"class_list":{"0":"post-14255","1":"post","2":"type-post","3":"status-publish","4":"format-standard","5":"has-post-thumbnail","7":"category-wanderberichte-2026"},"_links":{"self":[{"href":"https:\/\/www.schwarzwaldverein-sasbach.de\/index.php?rest_route=\/wp\/v2\/posts\/14255","targetHints":{"allow":["GET"]}}],"collection":[{"href":"https:\/\/www.schwarzwaldverein-sasbach.de\/index.php?rest_route=\/wp\/v2\/posts"}],"about":[{"href":"https:\/\/www.schwarzwaldverein-sasbach.de\/index.php?rest_route=\/wp\/v2\/types\/post"}],"author":[{"embeddable":true,"href":"https:\/\/www.schwarzwaldverein-sasbach.de\/index.php?rest_route=\/wp\/v2\/users\/5"}],"replies":[{"embeddable":true,"href":"https:\/\/www.schwarzwaldverein-sasbach.de\/index.php?rest_route=%2Fwp%2Fv2%2Fcomments&post=14255"}],"version-history":[{"count":0,"href":"https:\/\/www.schwarzwaldverein-sasbach.de\/index.php?rest_route=\/wp\/v2\/posts\/14255\/revisions"}],"wp:featuredmedia":[{"embeddable":true,"href":"https:\/\/www.schwarzwaldverein-sasbach.de\/index.php?rest_route=\/wp\/v2\/media\/14256"}],"wp:attachment":[{"href":"https:\/\/www.schwarzwaldverein-sasbach.de\/index.php?rest_route=%2Fwp%2Fv2%2Fmedia&parent=14255"}],"wp:term":[{"taxonomy":"category","embeddable":true,"href":"https:\/\/www.schwarzwaldverein-sasbach.de\/index.php?rest_route=%2Fwp%2Fv2%2Fcategories&post=14255"},{"taxonomy":"post_tag","embeddable":true,"href":"https:\/\/www.schwarzwaldverein-sasbach.de\/index.php?rest_route=%2Fwp%2Fv2%2Ftags&post=14255"}],"curies":[{"name":"wp","href":"https:\/\/api.w.org\/{rel}","templated":true}]}}